{"id":9424,"__str__":"Projeto de Lei Complementar n\u00ba 3 de 2019","link_detail_backend":"/materia/9424","metadata":{},"numero":3,"ano":2019,"numero_protocolo":3193,"data_apresentacao":"2019-06-18","tipo_apresentacao":"E","data_publicacao":null,"numero_origem_externa":"","ano_origem_externa":null,"data_origem_externa":null,"apelido":"","dias_prazo":null,"data_fim_prazo":null,"em_tramitacao":false,"polemica":null,"objeto":"","complementar":null,"ementa":"PROJETO DE LEI COMPLEMENTAR N\u00ba 03/2019 QUE \"ALTERA DISPOSITIVO DA LEI COMPLEMENTAR N\u00ba 038, DE 14/11/2011, QUE INSTITUI O PLANO DE CARGOS DO MAGIST\u00c9RIO E D\u00c1 OUTRAS PROVID\u00caNCIAS\"","indexacao":"","observacao":"","resultado":"","texto_original":"http://sapl.canoinhas.sc.leg.br/media/sapl/public/materialegislativa/2019/9424/9424_texto_integral.pdf","data_ultima_atualizacao":"2019-10-11T07:50:38.705303-03:00","ip":"186.211.106.120","ultima_edicao":null,"tipo":5,"regime_tramitacao":2,"tipo_origem_externa":null,"local_origem_externa":null,"user":49,"anexadas":[6045],"autores":[1]}