{"id":8211,"__str__":"Indica\u00e7\u00e3o n\u00ba 263 de 2018","link_detail_backend":"/materia/8211","metadata":{},"numero":263,"ano":2018,"numero_protocolo":null,"data_apresentacao":"2018-09-04","tipo_apresentacao":"E","data_publicacao":null,"numero_origem_externa":"","ano_origem_externa":null,"data_origem_externa":null,"apelido":"","dias_prazo":null,"data_fim_prazo":null,"em_tramitacao":false,"polemica":false,"objeto":"","complementar":false,"ementa":"INDICA\u00c7\u00c3O N\u00ba263/2018,DE AUTORIA DO EDIL C\u00c9LIO GALESKI O VEREADOR QUE ESTE SUBSCREVE, DEPOIS DE OUVIDO ESTE PLEN\u00c1RIO, SOLICITA QUE SEJA ENCAMINHADA C\u00d3PIA DA SEGUINTE INDICA\u00c7\u00c3O:\r\n\r\n\tQUE SOLICITA AO  EXCELENT\u00cdSSIMO SENHOR  PREFEITO MUNICIPAL, GILBERTO DOS PASSOS,  QUE DETERMINE AO SETOR COMPETENTE A INSTALA\u00c7\u00c3O DE PLACAS INDICATIVAS COM OS DESTINOS DAS LINHAS  E HOR\u00c1RIOS NOS ABRIGOS  DE \u00d4NIBUS DA PRA\u00c7A LAURO MULLER, NO PONTO  AO LADO DA PRA\u00c7A E NO PONTO PR\u00d3XIMO AO MERCADO FUTURAMA.\r\n\t\t       \t        JUSTIFICATIVA\r\n\tMUITAS PESSOAS QUE DEPENDEM DO TRANSPORTE COLETIVO  N\u00c3O SABEM QUAL \u00c9 O SEU PONTO CERTO OU HOR\u00c1RIOS DE SA\u00cdDA E A PLACA DE IDENTIFICA\u00c7\u00c3O FACILITARIA MUITO.","indexacao":"","observacao":"","resultado":"","texto_original":"http://sapl.canoinhas.sc.leg.br/media/sapl/public/materialegislativa/2018/8211/8211_texto_integral.pdf","data_ultima_atualizacao":"2019-09-06T19:40:04.436387-03:00","ip":"","ultima_edicao":null,"tipo":15,"regime_tramitacao":1,"tipo_origem_externa":null,"local_origem_externa":null,"user":null,"anexadas":[],"autores":[20]}