{"id":7687,"__str__":"Indica\u00e7\u00e3o n\u00ba 120 de 2018","link_detail_backend":"/materia/7687","metadata":{},"numero":120,"ano":2018,"numero_protocolo":null,"data_apresentacao":"2018-05-07","tipo_apresentacao":"E","data_publicacao":null,"numero_origem_externa":"","ano_origem_externa":null,"data_origem_externa":null,"apelido":"","dias_prazo":null,"data_fim_prazo":null,"em_tramitacao":false,"polemica":false,"objeto":"","complementar":false,"ementa":"INDICA\u00c7\u00c3O N\u00ba120/2018,DE AUTORIA DO EDIL WILMAR SUDOSKI O VEREADOR QUE ESTE SUBSCREVE, DEPOIS DE OUVIDO ESTE PLEN\u00c1RIO, SOLICITA QUE SEJA ENCAMINHADA C\u00d3PIA DA SEGUINTE INDICA\u00c7\u00c3O:\r\n\r\n\tQUE SOLICITA AO  EXCELENT\u00cdSSIMO SENHOR  PREFEITO MUNICIPAL, GILBERTO DOS PASSOS,  E AO SENHOR LUIZ ALCEU WITT JUNIOR,  DIRETOR DO DETRACAN,  PARA QUE SEJA SUBSTITU\u00cdDAS  AS L\u00c2MPADAS QUEIMADAS DO SEM\u00c1FORO DA AVENIDA DOS EXPEDICION\u00c1RIOS ESQUINA COM A RUA NAZIR CORDEIRO.\r\n\r\n\t\t       \t        JUSTIFICATIVA\r\n\tAS L\u00c2MPADAS QUEIMADAS DIFICULTAM A IDENTIFICA\u00c7\u00c3O DA SINALIZA\u00c7\u00c3O PELOS MOTORISTAS, AL\u00c9M DE TRANSMITIR UMA IMAGEM DE FALTA DE CUIDADO PARA COM O PATRIM\u00d4NIO P\u00daBLICO. ","indexacao":"","observacao":"","resultado":"","texto_original":"http://sapl.canoinhas.sc.leg.br/media/sapl/public/materialegislativa/2018/7687/7687_texto_integral.pdf","data_ultima_atualizacao":"2019-09-06T19:40:00.961244-03:00","ip":"","ultima_edicao":null,"tipo":15,"regime_tramitacao":1,"tipo_origem_externa":null,"local_origem_externa":null,"user":null,"anexadas":[],"autores":[38]}