{"id":7404,"__str__":"Indica\u00e7\u00e3o n\u00ba 53 de 2018","link_detail_backend":"/materia/7404","metadata":{},"numero":53,"ano":2018,"numero_protocolo":null,"data_apresentacao":"2018-03-19","tipo_apresentacao":"E","data_publicacao":null,"numero_origem_externa":"","ano_origem_externa":null,"data_origem_externa":null,"apelido":"","dias_prazo":null,"data_fim_prazo":null,"em_tramitacao":false,"polemica":false,"objeto":"","complementar":false,"ementa":"INDICA\u00c7\u00c3O 053/2018 DE AUTORIA DO EDIL WILMAR SUDOSKI, O VEREADOR QUE ESTE SUBSCREVE, DEPOIS DE OUVIDO ESTE PLEN\u00c1RIO, SOLICITA  QUE SEJA ENCAMINHADA C\u00d3PIA DA SEGUINTE INDICA\u00c7\u00c3O:\r\n\r\n\t QUE SOLICITA AO  EXCELENT\u00cdSSIMO SENHOR  PREFEITO MUNICIPAL EM EXERC\u00cdCIO, RENATO JARDEL GURTINSKI, E \u00c0  SENHORA VIVIANNE COLLARES, SECRET\u00c1RIA DE PLANEJAMENTO, A POSSIBILIDADE DE ELABORAR  PROJETO DE REVITALIZA\u00c7\u00c3O DA PRA\u00c7A JO\u00c3O GROSSKOPF,  NO BAIRRO \u00c1GUA VERDE,  COM A COLOCA\u00c7\u00c3O DE BANCOS, PARQUINHO, E AINDA PLANTIO DE \u00c1RVORES E FLORES, SENDO QUE A PRA\u00c7A J\u00c1 POSSUI ACADEMIA AO AR LIVRE.\r\n\t\t\t\t\t\tJUSTIFICATIVA             \t\t\t\t         \r\n\tAS MELHORIAS ACIMA SUGERIDAS IR\u00c3O AMPLIAR AS POSSIBILIDADES DA POPULA\u00c7\u00c3O UTILIZAR O ESPA\u00c7O COM MAIOR COMODIDADE E CONFORTO.\r\n\t\r\n\t\t\t\t\t","indexacao":"","observacao":"","resultado":"","texto_original":"http://sapl.canoinhas.sc.leg.br/media/sapl/public/materialegislativa/2018/7404/7404_texto_integral.pdf","data_ultima_atualizacao":"2019-09-06T19:40:10.724347-03:00","ip":"","ultima_edicao":null,"tipo":15,"regime_tramitacao":1,"tipo_origem_externa":null,"local_origem_externa":null,"user":null,"anexadas":[],"autores":[38]}