{"id":7364,"__str__":"Indica\u00e7\u00e3o n\u00ba 41 de 2018","link_detail_backend":"/materia/7364","metadata":{},"numero":41,"ano":2018,"numero_protocolo":null,"data_apresentacao":"2018-03-06","tipo_apresentacao":"E","data_publicacao":null,"numero_origem_externa":"","ano_origem_externa":null,"data_origem_externa":null,"apelido":"","dias_prazo":null,"data_fim_prazo":null,"em_tramitacao":false,"polemica":false,"objeto":"","complementar":false,"ementa":"INDICA\u00c7\u00c3O N\u00ba041/2018, DE AUTORIA DA VEREADORA TELMA BLEY \t\t\t\t\t\t \r\n\r\n\tA VEREADORA QUE ESTE SUBSCREVE, DEPOIS DE OUVIDO ESTE PLEN\u00c1RIO, SOLICITA QUE SEJA ENCAMINHADA C\u00d3PIA DA SEGUINTE INDICA\u00c7\u00c3O:\r\n\r\n\tQUE SOLICITA AO  EXCELENT\u00cdSSIMO SENHOR  PREFEITO MUNICIPAL EM EXERC\u00cdCIO, RENATO JARDEL GURTINSKI,  E \u00c0  SENHORA VIVIANNE COLLARES, SECRET\u00c1RIA DE PLANEJAMENTO,  REITERANDO A INDICA\u00c7\u00c3O DE N\u00daMERO 475/217, SOLICITA  O ATENDIMENTO AOS TAXISTAS NO QUE SE REFERE \u00c0S INSTALA\u00c7\u00d5ES F\u00cdSICAS DO PONTO DE T\u00c1XI DA RODOVI\u00c1RIA DE CANOINHAS, SENDO:                               - A INSTALA\u00c7\u00c3O DE TOLDO PARA COBERTURA DOS T\u00c1XIS, CONFORME MODELO QUE HAVIA ANTERIORMENTE EM FRENTE AO PONTO, PREVENINDO A POPULA\u00c7\u00c3O USU\u00c1RIA E OS MOTORISTAS DE TOMAR CHUVA.\t       - REPAROS NO TELHADO DA VARANDA DESTE PONTO, A QUAL TEM V\u00c1RIAS GOTEIRAS, NECESSITANDO DA SUBSTITUI\u00c7\u00c3O DE TELHAS E FORRO. \t\t\t\t\t\t\t\t                 - CONTRATA\u00c7\u00c3O DE UM SEGURAN\u00c7A, CONFORME EXISTIA ANTERIORMENTE, PARA EVITAR QUE PESSOAS EM TR\u00c2NSITO QUE NECESSITAM AGUARDAR \u00d4NIBUS QUE PARTEM ALTAS HORAS DA NOITE OU DE MADRUGADA  E OS PR\u00d3PRIOS TAXISTAS, FIQUEM EM SITUA\u00c7\u00c3O DE RISCO, POIS J\u00c1  OCORRERAM ASSALTOS E OUTRAS FORMAS DE VIOL\u00caNCIA NO TERMINAL RODOVI\u00c1RIO DE CANOINHAS.\r\n\r\n\t\t\t\t\t\tJUSTIFICATIVA\r\n\r\nTAL A\u00c7\u00c3O \u00c9 NECESS\u00c1RIA PARA MELHOR ATENDER N\u00c3O SOMENTE OS TAXISTAS MAS TAMB\u00c9M TODA A POPULA\u00c7\u00c3O USU\u00c1RIA COM MAIOR SEGURAN\u00c7A E CONFORTO.\t\r\n\t\r\n","indexacao":"","observacao":"","resultado":"","texto_original":"http://sapl.canoinhas.sc.leg.br/media/sapl/public/materialegislativa/2018/7364/7364_texto_integral.pdf","data_ultima_atualizacao":"2019-09-06T19:40:10.165063-03:00","ip":"","ultima_edicao":null,"tipo":15,"regime_tramitacao":1,"tipo_origem_externa":null,"local_origem_externa":null,"user":null,"anexadas":[],"autores":[46]}