{"id":3426,"__str__":"Requerimento n\u00ba 274 de 2015","link_detail_backend":"/materia/3426","metadata":{},"numero":274,"ano":2015,"numero_protocolo":null,"data_apresentacao":"2015-05-11","tipo_apresentacao":"E","data_publicacao":null,"numero_origem_externa":"","ano_origem_externa":null,"data_origem_externa":null,"apelido":"","dias_prazo":null,"data_fim_prazo":null,"em_tramitacao":true,"polemica":false,"objeto":"","complementar":false,"ementa":"REQUERIMENTO N\u00ba274/2015,DE AUTORIA DO EDIL PAULO GLINSKI,\r\n\r\n\tO VEREADOR QUE ABAIXO SUBSCREVE, SOLICITA QUE AP\u00d3S OUVIDO O SOBERANO PLEN\u00c1RIO DESTA CASA, SE ENVIE MO\u00c7\u00c3O DE REP\u00daDIO AO SENHOR RONALDO BENEDET DD. DEPUTADO FEDERAL,  EM RAZ\u00c3O DA VOSSA POSI\u00c7\u00c3O NA VOTA\u00c7\u00c3O DA MP 665, QUE ENDURECE AS REGRAS DE ACESSO AO SEGURO-DESEMPREGO, AO ABONO SALARIAL E AO SEGURO-DEFESO, POIS, SOB MINHA VIS\u00c3O, TAL POSI\u00c7\u00c3O PREJUDICA OS DIREITOS DOS TRABALHADORES BRASILEIROS.","indexacao":"","observacao":"","resultado":"","texto_original":"http://sapl.canoinhas.sc.leg.br/media/sapl/public/materialegislativa/2015/3426/3426_texto_integral.pdf","data_ultima_atualizacao":"2019-09-06T19:40:04.854918-03:00","ip":"","ultima_edicao":null,"tipo":14,"regime_tramitacao":1,"tipo_origem_externa":null,"local_origem_externa":null,"user":null,"anexadas":[],"autores":[25]}