{"id":15082,"__str__":"Indica\u00e7\u00e3o n\u00ba 69 de 2024","link_detail_backend":"/materia/15082","metadata":{},"numero":69,"ano":2024,"numero_protocolo":null,"data_apresentacao":"2024-03-04","tipo_apresentacao":"E","data_publicacao":null,"numero_origem_externa":"","ano_origem_externa":null,"data_origem_externa":null,"apelido":"","dias_prazo":null,"data_fim_prazo":null,"em_tramitacao":false,"polemica":false,"objeto":"","complementar":false,"ementa":"INDICA\u00c7\u00c3O N\u00ba069/2024, DE AUTORIA DO EDIL ANDR\u00c9 FLENIK, O VEREADOR QUE ESTE SUBSCREVE, DEPOIS DE OUVIDO ESTE PLEN\u00c1RIO, SOLICITA QUE SEJA ENCAMINHADA C\u00d3PIA DA SEGUINTE INDICA\u00c7\u00c3O: QUE SOLICITA \u00c0 SENHORA JULIANA MACIEL HOPPE, PREFEITA MUNICIPAL,  E AO SENHOR AGOSTINHO MACHADO, SECRET\u00c1RIO MUNICIPAL DE MEIO AMBIENTE, AMPLIAR O N\u00daMERO DE LIXEIROS P\u00daBLICOS E OS DIAS DE COLETA NA AVENIDA DOS EXPEDICION\u00c1RIOS.\t\t\t\t\t\t\t\t\t\t\t\t\t\t\t\t\t\t\t\t\t\t\t\r\n\r\nJUSTIFICATIVA\t\t\t\t\t\t\t\t.\t\t\t\t\t\t\t\t\t\t\t\t\t\t\t\t\t\t\t\t\t\t\t\t\t\tTAL A\u00c7\u00c3O \u00c9 NECESS\u00c1RIA POIS TEM MUITO LIXO SE ACUMULANDO NAS CAL\u00c7ADAS","indexacao":"","observacao":"","resultado":"","texto_original":"http://sapl.canoinhas.sc.leg.br/media/sapl/public/materialegislativa/2024/15082/ind_069.pdf","data_ultima_atualizacao":"2024-03-27T11:40:30.138566-03:00","ip":"187.17.237.61","ultima_edicao":"2024-03-06T07:51:10.354297-03:00","tipo":15,"regime_tramitacao":1,"tipo_origem_externa":null,"local_origem_externa":null,"user":80,"anexadas":[],"autores":[68]}