{"id":14993,"__str__":"Indica\u00e7\u00e3o n\u00ba 21 de 2024","link_detail_backend":"/materia/14993","metadata":{},"numero":21,"ano":2024,"numero_protocolo":null,"data_apresentacao":"2024-02-19","tipo_apresentacao":"E","data_publicacao":null,"numero_origem_externa":"","ano_origem_externa":null,"data_origem_externa":null,"apelido":"","dias_prazo":null,"data_fim_prazo":null,"em_tramitacao":false,"polemica":false,"objeto":"","complementar":false,"ementa":"INDICA\u00c7\u00c3O N\u00ba021/2024, DE AUTORIA DO EDIL ANDR\u00c9 FLENIK, O VEREADOR QUE ESTE SUBSCREVE, DEPOIS DE OUVIDO ESTE PLEN\u00c1RIO, SOLICITA QUE SEJA ENCAMINHADA C\u00d3PIA DA SEGUINTE INDICA\u00c7\u00c3O: QUE SOLICITA \u00c0 SENHORA JULIANA MACIEL HOPPE, PREFEITA MUNICIPAL,  E AO SENHOR RAFAEL ROTTILI ROEDER, SECRET\u00c1RIO MUNICIPAL DE PLANEJAMENTO,  MELHORIA NA ACESSIBILIDADE NA POLICL\u00cdNICA MUNICIPAL, OBSERVANDO ADEQUA\u00c7\u00c3O \u00c0S NORMAS VIGENTES, DESDE A RUA AT\u00c9 A \u00c1REA INTERNA DA EDIFICA\u00c7\u00c3O.\t\t\t\t\t\t\t\t\t\t\t\t\t\t\t\t\t\t\t\t\t\t\t\t\t\t\t\t\t\t\r\n\r\nJUSTIFICATIVA\r\nCONSIDERANDO A IMPORT\u00c2NCIA DE GARANTIR A ACESSIBILIDADE A TODOS OS CIDAD\u00c3OS, \u00c9 FUNDAMENTAL QUE A POLICL\u00cdNICA MUNICIPAL ESTEJA DEVIDAMENTE ADEQUADA \u00c0S NORMAS VIGENTES, PROPORCIONANDO CONDI\u00c7\u00d5ES ADEQUADAS DE ACESSO TANTO DO LADO EXTERNO DA EDIFICA\u00c7\u00c3O QUANTO EM SEU INTERIOR.","indexacao":"","observacao":"","resultado":"","texto_original":"http://sapl.canoinhas.sc.leg.br/media/sapl/public/materialegislativa/2024/14993/ind_021.pdf","data_ultima_atualizacao":"2024-02-20T14:16:09.460948-03:00","ip":"187.17.237.61","ultima_edicao":"2024-02-20T14:12:46.163612-03:00","tipo":15,"regime_tramitacao":1,"tipo_origem_externa":null,"local_origem_externa":null,"user":80,"anexadas":[],"autores":[68]}