{"id":14185,"__str__":"Indica\u00e7\u00e3o n\u00ba 320 de 2023","link_detail_backend":"/materia/14185","metadata":{},"numero":320,"ano":2023,"numero_protocolo":null,"data_apresentacao":"2023-07-03","tipo_apresentacao":"E","data_publicacao":null,"numero_origem_externa":"","ano_origem_externa":null,"data_origem_externa":null,"apelido":"","dias_prazo":null,"data_fim_prazo":null,"em_tramitacao":false,"polemica":false,"objeto":"","complementar":false,"ementa":"INDICA\u00c7\u00c3O N\u00b0 320/2023, DE AUTORIA DO EDIL ANDR\u00c9 FLENIK, O VEREADOR QUE ESTE SUBSCREVE, DEPOIS DE OUVIDO ESTE PLEN\u00c1RIO, SOLICITA QUE SEJA ENCAMINHADA C\u00d3PIA DA SEGUINTE INDICA\u00c7\u00c3O: QUE SOLICITA \u00c0 SENHORA JULIANA MACIEL HOPPE, PREFEITA MUNICIPAL, E \u00c0 SENHORA FRANCIELI DA COSTA COLLA, SECRET\u00c1RIA MUNICIPAL DE SA\u00daDE, ESTUDOS DE NOVOS HOR\u00c1RIOS DA FARM\u00c1CIA DA POLICL\u00cdNICA, VISANDO UMA FAIXA HOR\u00c1RIA QUE FACILITE O ACESSO A ESTE SERVI\u00c7O P\u00daBLICO DE TRABALHADORES QUE ATUAM EM HOR\u00c1RIO COMERCIAL. AL\u00c9M DISSO, AMPLIAR O N\u00daMERO DE ATENDIMENTOS DI\u00c1RIOS.\r\n\t\t\t\t\t\t\t\t\t\t\t\t\t\t\t\t\t\t\t\t\t\t\t\t\t\t\t\t\t\t\r\nJUSTIFICATIVA\t\t\t\t\t\t\t\t\t\t\t\t\t\t\t\t\t\t\t\t\t\r\nTAL A\u00c7\u00c3O \u00c9 NECESS\u00c1RIA CONSIDERANDO A DEMANDA EXISTENTE E A NECESSIDADE DE GARANTIR UM SERVI\u00c7O DE QUALIDADE E ACESS\u00cdVEL PARA A POPULA\u00c7\u00c3O.","indexacao":"","observacao":"","resultado":"","texto_original":"http://sapl.canoinhas.sc.leg.br/media/sapl/public/materialegislativa/2023/14185/ind_320.pdf","data_ultima_atualizacao":"2023-07-05T10:30:06.661798-03:00","ip":"187.17.237.61","ultima_edicao":"2023-07-05T10:26:03.770678-03:00","tipo":15,"regime_tramitacao":1,"tipo_origem_externa":null,"local_origem_externa":null,"user":76,"anexadas":[],"autores":[68]}