{"id":13943,"__str__":"Indica\u00e7\u00e3o n\u00ba 252 de 2023","link_detail_backend":"/materia/13943","metadata":{},"numero":252,"ano":2023,"numero_protocolo":null,"data_apresentacao":"2023-05-08","tipo_apresentacao":"E","data_publicacao":null,"numero_origem_externa":"","ano_origem_externa":null,"data_origem_externa":null,"apelido":"","dias_prazo":null,"data_fim_prazo":null,"em_tramitacao":false,"polemica":false,"objeto":"","complementar":false,"ementa":"INDICA\u00c7\u00c3O N\u00b0 252/2023, DE AUTORIA DE TODA A EDILIDADE PRESENTE, OS VEREADORES QUE ESTE SUBSCREVEM, DEPOIS DE OUVIDO ESTE PLEN\u00c1RIO, SOLICITAM QUE SEJA ENCAMINHADA C\u00d3PIA DA SEGUINTE INDICA\u00c7\u00c3O:\r\n\t\t\t\t\t\t\t\t\t\t\t\t\t\t\t\t\t\t\t\t\r\nQUE SOLICITAM \u00c0 SENHORA JULIANA MACIEL HOPPE, PREFEITA MUNICIPAL,  E \u00c0 SENHORA FRANCIELI DA COSTA COLLA, SECRET\u00c1RIA MUNICIPAL DE SA\u00daDE,  A AMPLIA\u00c7\u00c3O DOS HOR\u00c1RIOS DE ATENDIMENTO M\u00c9DICO NO POSTO DE SA\u00daDE DE MARC\u00cdLIO DIAS, M\u00c9DICO TODOS OS DIAS,  PRINCIPALMENTE EM HOR\u00c1RIOS FORA DO HOR\u00c1RIO COMERCIAL, ATENDIMENTO DE NUTRICIONISTA, GINECOLOGISTA, FISIOTERAPEUTA. COM AMPLA DIVULGA\u00c7\u00c3O DOS HOR\u00c1RIOS, BEM COMO A IMPLANTA\u00c7\u00c3O DE UMA FARM\u00c1CIA B\u00c1SICA DENTRO DO POSTO E TAMB\u00c9M A ADMINISTRA\u00c7\u00c3O DE VACINAS, AL\u00c9M  DA IMPLANTA\u00c7\u00c3O DE UMA EQUIPE COMPLETA DA ESTRAT\u00c9GIA DA SA\u00daDE DA FAM\u00cdLIA  E UMA EQUIPE DE AGENTES COMUNIT\u00c1RIOS DE SA\u00daDE.","indexacao":"JUSTIFICATIVA\t\t\t\t\t\t\t\t\t\t\t\t\t\t\t\t\t\t\t\t\t\r\nMUITOS MORADORES PRINCIPALMENTE IDOSOS E M\u00c3ES COM CRIAN\u00c7AS PEQUENAS T\u00caM DIFICULDADE PARA SE DESLOCAR DO DISTRITO AT\u00c9 OUTROS POSTOS PARA REALIZAR CONSULTAS, PEGAR MEDICAMENTOS E PARA RECEBER VACINAS.","observacao":"","resultado":"","texto_original":"http://sapl.canoinhas.sc.leg.br/media/sapl/public/materialegislativa/2023/13943/ind_252.pdf","data_ultima_atualizacao":"2023-05-11T09:32:00.901991-03:00","ip":"186.211.106.120","ultima_edicao":"2023-05-11T09:24:13.496819-03:00","tipo":15,"regime_tramitacao":1,"tipo_origem_externa":null,"local_origem_externa":null,"user":76,"anexadas":[],"autores":[67,68,22,59,29,61,60,55,38,57]}